{"id":879,"date":"2019-01-21T17:40:23","date_gmt":"2019-01-21T16:40:23","guid":{"rendered":"http:\/\/www.bcaris.lu\/?p=879"},"modified":"2019-01-21T17:45:59","modified_gmt":"2019-01-21T16:45:59","slug":"verfugbarkeit-der-sporthallen-hamm-und-eich-wahrend-der-karnevalsferien-16-02-2019-24-02-2019","status":"publish","type":"post","link":"https:\/\/www.bcaris.lu\/?p=879&lang=de","title":{"rendered":"Verf\u00fcgbarkeit der Sporthallen Hamm und Eich w\u00e4hrend der Karnevalsferien (16\/02\/2019 -> 24\/02\/2019)"},"content":{"rendered":"\n<p>Die Sporthalle Hamm ist ge\u00f6ffnet:<br> &#8211; Dienstag den 19\/02\/2019 von <strong>19h bis 20h30<\/strong> (Aufgepasst! Andere Uhrzeiten als \u00fcblich)<br>&#8211; Freitag den 22\/02\/2019 von <strong>19h bis 20h30<\/strong> (Aufgepasst! Andere Uhrzeiten als \u00fcblich) <\/p>\n\n\n\n<p>Die Sporthalle in Eich ist w\u00e4hrend der Karnevalsferien geschlossen.<\/p>\n\n\n\n<p>Zus\u00e4tzliche Details finden Sie im <a href=\"https:\/\/www.bcaris.lu\/de\/termine\/\">Kalendar<\/a>.<\/p>\n","protected":false},"excerpt":{"rendered":"<p>Die Sporthalle Hamm ist ge\u00f6ffnet: &#8211; Dienstag den 19\/02\/2019 von 19h bis 20h30 (Aufgepasst! Andere Uhrzeiten als \u00fcblich)&#8211; Freitag den 22\/02\/2019 von 19h bis 20h30 (Aufgepasst! Andere Uhrzeiten als \u00fcblich) Die Sporthalle in Eich ist w\u00e4hrend der Karnevalsferien geschlossen. Zus\u00e4tzliche Details finden Sie im Kalendar.<\/p>\n","protected":false},"author":1,"featured_media":0,"comment_status":"closed","ping_status":"open","sticky":false,"template":"","format":"standard","meta":{"footnotes":""},"categories":[33],"tags":[],"class_list":["post-879","post","type-post","status-publish","format-standard","hentry","category-general_de"],"_links":{"self":[{"href":"https:\/\/www.bcaris.lu\/index.php?rest_route=\/wp\/v2\/posts\/879","targetHints":{"allow":["GET"]}}],"collection":[{"href":"https:\/\/www.bcaris.lu\/index.php?rest_route=\/wp\/v2\/posts"}],"about":[{"href":"https:\/\/www.bcaris.lu\/index.php?rest_route=\/wp\/v2\/types\/post"}],"author":[{"embeddable":true,"href":"https:\/\/www.bcaris.lu\/index.php?rest_route=\/wp\/v2\/users\/1"}],"replies":[{"embeddable":true,"href":"https:\/\/www.bcaris.lu\/index.php?rest_route=%2Fwp%2Fv2%2Fcomments&post=879"}],"version-history":[{"count":2,"href":"https:\/\/www.bcaris.lu\/index.php?rest_route=\/wp\/v2\/posts\/879\/revisions"}],"predecessor-version":[{"id":883,"href":"https:\/\/www.bcaris.lu\/index.php?rest_route=\/wp\/v2\/posts\/879\/revisions\/883"}],"wp:attachment":[{"href":"https:\/\/www.bcaris.lu\/index.php?rest_route=%2Fwp%2Fv2%2Fmedia&parent=879"}],"wp:term":[{"taxonomy":"category","embeddable":true,"href":"https:\/\/www.bcaris.lu\/index.php?rest_route=%2Fwp%2Fv2%2Fcategories&post=879"},{"taxonomy":"post_tag","embeddable":true,"href":"https:\/\/www.bcaris.lu\/index.php?rest_route=%2Fwp%2Fv2%2Ftags&post=879"}],"curies":[{"name":"wp","href":"https:\/\/api.w.org\/{rel}","templated":true}]}}