{"id":849,"date":"2018-10-17T09:59:11","date_gmt":"2018-10-17T07:59:11","guid":{"rendered":"http:\/\/www.bcaris.lu\/?p=849"},"modified":"2018-10-17T09:59:11","modified_gmt":"2018-10-17T07:59:11","slug":"trainingszaiten-zu-hamm-wahrend-der-allerhelljenvakanz-28-10-2018-04-11-2018","status":"publish","type":"post","link":"https:\/\/www.bcaris.lu\/?p=849&lang=lu","title":{"rendered":"Trainingszaiten zu Hamm w\u00e4hrend der Allerh\u00e9lljenvakanz (28\/10\/2018 -> 04\/11\/2018)"},"content":{"rendered":"<p>D\u2019Sportshaal zu Hamm ass op emmer :<br \/>\n&#8211; D\u00ebnschdeg den 30\/10\/2018 vun <strong>19h bis 20h30<\/strong> (opgepasst aaner Auerzaiten !!)<br \/>\n&#8211; Freideg den 02\/11\/2018 vun <strong>19h bis 20h30<\/strong> (opgepasst aaner Auerzaiten !!)<\/p>\n<p>D\u2019Sportshaal zu Eech ass w\u00e4hrend der Allerh\u00e9lljenvakanz ganz zou.<\/p>\n<p>Fir zous\u00e4tzlech Detailer k\u00ebnt Dir den <a href=\"https:\/\/www.bcaris.lu\/lu\/terminen\/\">Kalenner<\/a> kukken.<\/p>\n","protected":false},"excerpt":{"rendered":"<p>D\u2019Sportshaal zu Hamm ass op emmer : &#8211; D\u00ebnschdeg den 30\/10\/2018 vun 19h bis 20h30 (opgepasst aaner Auerzaiten !!) &#8211; Freideg den 02\/11\/2018 vun 19h bis 20h30 (opgepasst aaner Auerzaiten !!) D\u2019Sportshaal zu Eech ass w\u00e4hrend der Allerh\u00e9lljenvakanz ganz zou. Fir zous\u00e4tzlech Detailer k\u00ebnt Dir den Kalenner kukken.<\/p>\n","protected":false},"author":1,"featured_media":0,"comment_status":"closed","ping_status":"open","sticky":false,"template":"","format":"standard","meta":{"footnotes":""},"categories":[31],"tags":[],"class_list":["post-849","post","type-post","status-publish","format-standard","hentry","category-general_lu"],"_links":{"self":[{"href":"https:\/\/www.bcaris.lu\/index.php?rest_route=\/wp\/v2\/posts\/849","targetHints":{"allow":["GET"]}}],"collection":[{"href":"https:\/\/www.bcaris.lu\/index.php?rest_route=\/wp\/v2\/posts"}],"about":[{"href":"https:\/\/www.bcaris.lu\/index.php?rest_route=\/wp\/v2\/types\/post"}],"author":[{"embeddable":true,"href":"https:\/\/www.bcaris.lu\/index.php?rest_route=\/wp\/v2\/users\/1"}],"replies":[{"embeddable":true,"href":"https:\/\/www.bcaris.lu\/index.php?rest_route=%2Fwp%2Fv2%2Fcomments&post=849"}],"version-history":[{"count":1,"href":"https:\/\/www.bcaris.lu\/index.php?rest_route=\/wp\/v2\/posts\/849\/revisions"}],"predecessor-version":[{"id":850,"href":"https:\/\/www.bcaris.lu\/index.php?rest_route=\/wp\/v2\/posts\/849\/revisions\/850"}],"wp:attachment":[{"href":"https:\/\/www.bcaris.lu\/index.php?rest_route=%2Fwp%2Fv2%2Fmedia&parent=849"}],"wp:term":[{"taxonomy":"category","embeddable":true,"href":"https:\/\/www.bcaris.lu\/index.php?rest_route=%2Fwp%2Fv2%2Fcategories&post=849"},{"taxonomy":"post_tag","embeddable":true,"href":"https:\/\/www.bcaris.lu\/index.php?rest_route=%2Fwp%2Fv2%2Ftags&post=849"}],"curies":[{"name":"wp","href":"https:\/\/api.w.org\/{rel}","templated":true}]}}