{"id":725,"date":"2018-04-11T16:00:54","date_gmt":"2018-04-11T14:00:54","guid":{"rendered":"http:\/\/www.bcaris.lu\/?p=725"},"modified":"2018-04-11T16:00:54","modified_gmt":"2018-04-11T14:00:54","slug":"assemblee-generale-04-05-2018-2","status":"publish","type":"post","link":"https:\/\/www.bcaris.lu\/?p=725&lang=lu","title":{"rendered":"Assembl\u00e9e G\u00e9n\u00e9rale (04\/05\/2018)"},"content":{"rendered":"<p>D\u2019Assembl\u00e9e G\u00e9n\u00e9rale vun eisem Club f\u00f6nnt d\u00ebn 04\/05\/2018 am Restaurant Meckenheck 17 rue Meckenheck L-3321 Berchem Haut.<\/p>\n<p>Fir m\u00e9i D\u00e9tailer k\u00f6nnt Dir eisen <a href=\"https:\/\/www.bcaris.lu\/lu\/terminen\/\">Kalenner<\/a> an \u00c4r Emailer nokukken.<\/p>\n","protected":false},"excerpt":{"rendered":"<p>D\u2019Assembl\u00e9e G\u00e9n\u00e9rale vun eisem Club f\u00f6nnt d\u00ebn 04\/05\/2018 am Restaurant Meckenheck 17 rue Meckenheck L-3321 Berchem Haut. Fir m\u00e9i D\u00e9tailer k\u00f6nnt Dir eisen Kalenner an \u00c4r Emailer nokukken.<\/p>\n","protected":false},"author":1,"featured_media":0,"comment_status":"closed","ping_status":"open","sticky":false,"template":"","format":"standard","meta":{"footnotes":""},"categories":[31],"tags":[],"class_list":["post-725","post","type-post","status-publish","format-standard","hentry","category-general_lu"],"_links":{"self":[{"href":"https:\/\/www.bcaris.lu\/index.php?rest_route=\/wp\/v2\/posts\/725","targetHints":{"allow":["GET"]}}],"collection":[{"href":"https:\/\/www.bcaris.lu\/index.php?rest_route=\/wp\/v2\/posts"}],"about":[{"href":"https:\/\/www.bcaris.lu\/index.php?rest_route=\/wp\/v2\/types\/post"}],"author":[{"embeddable":true,"href":"https:\/\/www.bcaris.lu\/index.php?rest_route=\/wp\/v2\/users\/1"}],"replies":[{"embeddable":true,"href":"https:\/\/www.bcaris.lu\/index.php?rest_route=%2Fwp%2Fv2%2Fcomments&post=725"}],"version-history":[{"count":1,"href":"https:\/\/www.bcaris.lu\/index.php?rest_route=\/wp\/v2\/posts\/725\/revisions"}],"predecessor-version":[{"id":726,"href":"https:\/\/www.bcaris.lu\/index.php?rest_route=\/wp\/v2\/posts\/725\/revisions\/726"}],"wp:attachment":[{"href":"https:\/\/www.bcaris.lu\/index.php?rest_route=%2Fwp%2Fv2%2Fmedia&parent=725"}],"wp:term":[{"taxonomy":"category","embeddable":true,"href":"https:\/\/www.bcaris.lu\/index.php?rest_route=%2Fwp%2Fv2%2Fcategories&post=725"},{"taxonomy":"post_tag","embeddable":true,"href":"https:\/\/www.bcaris.lu\/index.php?rest_route=%2Fwp%2Fv2%2Ftags&post=725"}],"curies":[{"name":"wp","href":"https:\/\/api.w.org\/{rel}","templated":true}]}}