{"id":700,"date":"2018-01-25T08:02:24","date_gmt":"2018-01-25T07:02:24","guid":{"rendered":"http:\/\/www.bcaris.lu\/?p=700"},"modified":"2018-01-25T08:02:24","modified_gmt":"2018-01-25T07:02:24","slug":"verfuegbarkeit-der-sporthallen-hamm-und-eich-waehrend-der-karnevalsferien-10-02-2018-18-02-2018","status":"publish","type":"post","link":"https:\/\/www.bcaris.lu\/?p=700&lang=de","title":{"rendered":"Verf\u00fcgbarkeit der Sporthallen Hamm und Eich w\u00e4hrend der Karnevalsferien (10\/02\/2018 -> 18\/02\/2018)"},"content":{"rendered":"<p>Die Sporthalle Hamm ist ge\u00f6ffnet:<\/p>\n<p>&#8211; Dienstag den 13\/02\/2018 von <strong>18h bis 20h30<\/strong> (Aufgepasst! Andere Uhrzeiten als \u00fcblich)<br \/>\n&#8211; Freitag den 16\/02\/2018 von <strong>18h bis 20h30<\/strong> (Aufgepasst! Andere Uhrzeiten als \u00fcblich)<\/p>\n<p>Die Sporthalle in Eich ist w\u00e4hrend der Karnevalsferien geschlossen.<\/p>\n<p>Zus\u00e4tzliche Details finden Sie im <a href=\"https:\/\/www.bcaris.lu\/de\/termine\/\">Kalendar<\/a>.<\/p>\n","protected":false},"excerpt":{"rendered":"<p>Die Sporthalle Hamm ist ge\u00f6ffnet: &#8211; Dienstag den 13\/02\/2018 von 18h bis 20h30 (Aufgepasst! Andere Uhrzeiten als \u00fcblich) &#8211; Freitag den 16\/02\/2018 von 18h bis 20h30 (Aufgepasst! Andere Uhrzeiten als \u00fcblich) Die Sporthalle in Eich ist w\u00e4hrend der Karnevalsferien geschlossen. Zus\u00e4tzliche Details finden Sie im Kalendar.<\/p>\n","protected":false},"author":1,"featured_media":0,"comment_status":"closed","ping_status":"open","sticky":false,"template":"","format":"standard","meta":{"footnotes":""},"categories":[33],"tags":[],"class_list":["post-700","post","type-post","status-publish","format-standard","hentry","category-general_de"],"_links":{"self":[{"href":"https:\/\/www.bcaris.lu\/index.php?rest_route=\/wp\/v2\/posts\/700","targetHints":{"allow":["GET"]}}],"collection":[{"href":"https:\/\/www.bcaris.lu\/index.php?rest_route=\/wp\/v2\/posts"}],"about":[{"href":"https:\/\/www.bcaris.lu\/index.php?rest_route=\/wp\/v2\/types\/post"}],"author":[{"embeddable":true,"href":"https:\/\/www.bcaris.lu\/index.php?rest_route=\/wp\/v2\/users\/1"}],"replies":[{"embeddable":true,"href":"https:\/\/www.bcaris.lu\/index.php?rest_route=%2Fwp%2Fv2%2Fcomments&post=700"}],"version-history":[{"count":1,"href":"https:\/\/www.bcaris.lu\/index.php?rest_route=\/wp\/v2\/posts\/700\/revisions"}],"predecessor-version":[{"id":701,"href":"https:\/\/www.bcaris.lu\/index.php?rest_route=\/wp\/v2\/posts\/700\/revisions\/701"}],"wp:attachment":[{"href":"https:\/\/www.bcaris.lu\/index.php?rest_route=%2Fwp%2Fv2%2Fmedia&parent=700"}],"wp:term":[{"taxonomy":"category","embeddable":true,"href":"https:\/\/www.bcaris.lu\/index.php?rest_route=%2Fwp%2Fv2%2Fcategories&post=700"},{"taxonomy":"post_tag","embeddable":true,"href":"https:\/\/www.bcaris.lu\/index.php?rest_route=%2Fwp%2Fv2%2Ftags&post=700"}],"curies":[{"name":"wp","href":"https:\/\/api.w.org\/{rel}","templated":true}]}}