{"id":696,"date":"2018-01-25T08:00:24","date_gmt":"2018-01-25T07:00:24","guid":{"rendered":"http:\/\/www.bcaris.lu\/?p=696"},"modified":"2018-01-25T08:00:24","modified_gmt":"2018-01-25T07:00:24","slug":"disponibilite-de-hamm-pour-les-vacances-de-carnaval-10-02-2018-18-02-2018","status":"publish","type":"post","link":"https:\/\/www.bcaris.lu\/?p=696&lang=fr","title":{"rendered":"Disponibilit\u00e9 de Hamm pour les vacances de Carnaval (10\/02\/2018 -> 18\/02\/2018)"},"content":{"rendered":"<p>La salle de sports de Hamm sera ouverte le :<br \/>\n&#8211; mardi 13\/02\/2018 de <strong>18 h \u00e0 20 h 30<\/strong> (horaires diff\u00e9rents !!)<br \/>\n&#8211; vendredi 16\/02\/2018 de <strong>18 h \u00e0 20 h 30<\/strong> (horaires diff\u00e9rents !!)<\/p>\n<p>La salle de sport de Eich sera quant \u00e0 elle ferm\u00e9e.<\/p>\n<p>Veuillez consulter le\u00a0<a href=\"https:\/\/www.bcaris.lu\/fr\/seances\/\">calendrier<\/a> pour plus de d\u00e9tails.<\/p>\n","protected":false},"excerpt":{"rendered":"<p>La salle de sports de Hamm sera ouverte le : &#8211; mardi 13\/02\/2018 de 18 h \u00e0 20 h 30 (horaires diff\u00e9rents !!) &#8211; vendredi 16\/02\/2018 de 18 h \u00e0 20 h 30 (horaires diff\u00e9rents !!) La salle de sport de Eich sera quant \u00e0 elle ferm\u00e9e. Veuillez consulter le\u00a0calendrier pour plus de d\u00e9tails.<\/p>\n","protected":false},"author":1,"featured_media":0,"comment_status":"closed","ping_status":"open","sticky":false,"template":"","format":"standard","meta":{"footnotes":""},"categories":[27],"tags":[],"class_list":["post-696","post","type-post","status-publish","format-standard","hentry","category-general_fr"],"_links":{"self":[{"href":"https:\/\/www.bcaris.lu\/index.php?rest_route=\/wp\/v2\/posts\/696","targetHints":{"allow":["GET"]}}],"collection":[{"href":"https:\/\/www.bcaris.lu\/index.php?rest_route=\/wp\/v2\/posts"}],"about":[{"href":"https:\/\/www.bcaris.lu\/index.php?rest_route=\/wp\/v2\/types\/post"}],"author":[{"embeddable":true,"href":"https:\/\/www.bcaris.lu\/index.php?rest_route=\/wp\/v2\/users\/1"}],"replies":[{"embeddable":true,"href":"https:\/\/www.bcaris.lu\/index.php?rest_route=%2Fwp%2Fv2%2Fcomments&post=696"}],"version-history":[{"count":1,"href":"https:\/\/www.bcaris.lu\/index.php?rest_route=\/wp\/v2\/posts\/696\/revisions"}],"predecessor-version":[{"id":697,"href":"https:\/\/www.bcaris.lu\/index.php?rest_route=\/wp\/v2\/posts\/696\/revisions\/697"}],"wp:attachment":[{"href":"https:\/\/www.bcaris.lu\/index.php?rest_route=%2Fwp%2Fv2%2Fmedia&parent=696"}],"wp:term":[{"taxonomy":"category","embeddable":true,"href":"https:\/\/www.bcaris.lu\/index.php?rest_route=%2Fwp%2Fv2%2Fcategories&post=696"},{"taxonomy":"post_tag","embeddable":true,"href":"https:\/\/www.bcaris.lu\/index.php?rest_route=%2Fwp%2Fv2%2Ftags&post=696"}],"curies":[{"name":"wp","href":"https:\/\/api.w.org\/{rel}","templated":true}]}}