{"id":664,"date":"2017-11-17T07:52:42","date_gmt":"2017-11-17T06:52:42","guid":{"rendered":"http:\/\/www.bcaris.lu\/?p=664"},"modified":"2017-11-17T07:52:42","modified_gmt":"2017-11-17T06:52:42","slug":"verfuegbarkeit-der-sporthallen-hamm-fuer-die-weihnachtsferien-16-12-2017-01-01-2018","status":"publish","type":"post","link":"https:\/\/www.bcaris.lu\/?p=664&lang=de","title":{"rendered":"Verf\u00fcgbarkeit der Sporthallen Hamm f\u00fcr die Weihnachtsferien (16\/12\/2017 -> 01\/01\/2018)"},"content":{"rendered":"<p>Die Sporthalle Hamm wird an folgenden Tagen ge\u00f6ffnet haben:<br \/>\n&#8211; <strong>Dienstags<\/strong> 19\/12\/2017 von <strong>18h bis 20h30<\/strong> (andere \u00d6ffnungszeiten!)<br \/>\n&#8211; <strong>Freitags<\/strong> 22\/12\/2017 von <strong>18h bis 20h30<\/strong> (andere \u00d6ffnungszeiten!)<\/p>\n<p>Die Sporthalle Eisch ist w\u00e4hrend der Weihnachtsferien geschlossen.<\/p>\n<p>Zus\u00e4tzliche Details finden Sie im <a href=\"https:\/\/www.bcaris.lu\/de\/termine\/\">Kalendar<\/a>.<\/p>\n","protected":false},"excerpt":{"rendered":"<p>Die Sporthalle Hamm wird an folgenden Tagen ge\u00f6ffnet haben: &#8211; Dienstags 19\/12\/2017 von 18h bis 20h30 (andere \u00d6ffnungszeiten!) &#8211; Freitags 22\/12\/2017 von 18h bis 20h30 (andere \u00d6ffnungszeiten!) Die Sporthalle Eisch ist w\u00e4hrend der Weihnachtsferien geschlossen. Zus\u00e4tzliche Details finden Sie im Kalendar.<\/p>\n","protected":false},"author":1,"featured_media":0,"comment_status":"closed","ping_status":"open","sticky":false,"template":"","format":"standard","meta":{"footnotes":""},"categories":[33],"tags":[],"class_list":["post-664","post","type-post","status-publish","format-standard","hentry","category-general_de"],"_links":{"self":[{"href":"https:\/\/www.bcaris.lu\/index.php?rest_route=\/wp\/v2\/posts\/664","targetHints":{"allow":["GET"]}}],"collection":[{"href":"https:\/\/www.bcaris.lu\/index.php?rest_route=\/wp\/v2\/posts"}],"about":[{"href":"https:\/\/www.bcaris.lu\/index.php?rest_route=\/wp\/v2\/types\/post"}],"author":[{"embeddable":true,"href":"https:\/\/www.bcaris.lu\/index.php?rest_route=\/wp\/v2\/users\/1"}],"replies":[{"embeddable":true,"href":"https:\/\/www.bcaris.lu\/index.php?rest_route=%2Fwp%2Fv2%2Fcomments&post=664"}],"version-history":[{"count":1,"href":"https:\/\/www.bcaris.lu\/index.php?rest_route=\/wp\/v2\/posts\/664\/revisions"}],"predecessor-version":[{"id":665,"href":"https:\/\/www.bcaris.lu\/index.php?rest_route=\/wp\/v2\/posts\/664\/revisions\/665"}],"wp:attachment":[{"href":"https:\/\/www.bcaris.lu\/index.php?rest_route=%2Fwp%2Fv2%2Fmedia&parent=664"}],"wp:term":[{"taxonomy":"category","embeddable":true,"href":"https:\/\/www.bcaris.lu\/index.php?rest_route=%2Fwp%2Fv2%2Fcategories&post=664"},{"taxonomy":"post_tag","embeddable":true,"href":"https:\/\/www.bcaris.lu\/index.php?rest_route=%2Fwp%2Fv2%2Ftags&post=664"}],"curies":[{"name":"wp","href":"https:\/\/api.w.org\/{rel}","templated":true}]}}