{"id":660,"date":"2017-11-17T07:50:52","date_gmt":"2017-11-17T06:50:52","guid":{"rendered":"http:\/\/www.bcaris.lu\/?p=660"},"modified":"2017-11-17T07:50:52","modified_gmt":"2017-11-17T06:50:52","slug":"disponibilite-de-hamm-pour-les-vacances-de-noel-16-12-2017-01-01-2018","status":"publish","type":"post","link":"https:\/\/www.bcaris.lu\/?p=660&lang=fr","title":{"rendered":"Disponibilit\u00e9 de Hamm pour les vacances de No\u00ebl (16\/12\/2017 -> 01\/01\/2018)"},"content":{"rendered":"<p>La salle de sports de Hamm sera ouverte les :<br \/>\n&#8211; <strong>mardi<\/strong> 19\/12\/2017 de <strong>18 h \u00e0 20 h 30<\/strong> (horaires diff\u00e9rents !!)<br \/>\n&#8211; <strong>vendredi<\/strong> 22\/12\/2017 de <strong>18 h \u00e0 20 h 30 <\/strong>(horaires diff\u00e9rents !!)<strong><br \/>\n<\/strong><\/p>\n<p>La salle de sport de Eich sera quant \u00e0 elle ferm\u00e9e pendant les deux semaines.<\/p>\n<p>Veuillez consulter le\u00a0<a href=\"https:\/\/www.bcaris.lu\/fr\/seances\/\">calendrier<\/a> pour plus de d\u00e9tails.<\/p>\n","protected":false},"excerpt":{"rendered":"<p>La salle de sports de Hamm sera ouverte les : &#8211; mardi 19\/12\/2017 de 18 h \u00e0 20 h 30 (horaires diff\u00e9rents !!) &#8211; vendredi 22\/12\/2017 de 18 h \u00e0 20 h 30 (horaires diff\u00e9rents !!) La salle de sport de Eich sera quant \u00e0 elle ferm\u00e9e pendant les deux semaines. Veuillez consulter le\u00a0calendrier pour [&hellip;]<\/p>\n","protected":false},"author":1,"featured_media":0,"comment_status":"closed","ping_status":"open","sticky":false,"template":"","format":"standard","meta":{"footnotes":""},"categories":[27],"tags":[],"class_list":["post-660","post","type-post","status-publish","format-standard","hentry","category-general_fr"],"_links":{"self":[{"href":"https:\/\/www.bcaris.lu\/index.php?rest_route=\/wp\/v2\/posts\/660","targetHints":{"allow":["GET"]}}],"collection":[{"href":"https:\/\/www.bcaris.lu\/index.php?rest_route=\/wp\/v2\/posts"}],"about":[{"href":"https:\/\/www.bcaris.lu\/index.php?rest_route=\/wp\/v2\/types\/post"}],"author":[{"embeddable":true,"href":"https:\/\/www.bcaris.lu\/index.php?rest_route=\/wp\/v2\/users\/1"}],"replies":[{"embeddable":true,"href":"https:\/\/www.bcaris.lu\/index.php?rest_route=%2Fwp%2Fv2%2Fcomments&post=660"}],"version-history":[{"count":1,"href":"https:\/\/www.bcaris.lu\/index.php?rest_route=\/wp\/v2\/posts\/660\/revisions"}],"predecessor-version":[{"id":661,"href":"https:\/\/www.bcaris.lu\/index.php?rest_route=\/wp\/v2\/posts\/660\/revisions\/661"}],"wp:attachment":[{"href":"https:\/\/www.bcaris.lu\/index.php?rest_route=%2Fwp%2Fv2%2Fmedia&parent=660"}],"wp:term":[{"taxonomy":"category","embeddable":true,"href":"https:\/\/www.bcaris.lu\/index.php?rest_route=%2Fwp%2Fv2%2Fcategories&post=660"},{"taxonomy":"post_tag","embeddable":true,"href":"https:\/\/www.bcaris.lu\/index.php?rest_route=%2Fwp%2Fv2%2Ftags&post=660"}],"curies":[{"name":"wp","href":"https:\/\/api.w.org\/{rel}","templated":true}]}}