{"id":646,"date":"2017-10-23T08:07:46","date_gmt":"2017-10-23T06:07:46","guid":{"rendered":"http:\/\/www.bcaris.lu\/?p=646"},"modified":"2017-10-23T08:07:46","modified_gmt":"2017-10-23T06:07:46","slug":"trainingszaiten-zu-hamm-wahrend-der-allerhelljenvakanz-28102017-05112017","status":"publish","type":"post","link":"https:\/\/www.bcaris.lu\/?p=646&lang=lu","title":{"rendered":"Trainingszaiten zu Hamm w\u00e4hrend der Allerh\u00e9lljenvakanz (28\/10\/2017 -> 05\/11\/2017)"},"content":{"rendered":"<p>D\u2019Sportshaal zu Hamm ass op emmer :<br \/>\n&#8211; D\u00ebnschdeg den 31\/10\/2017 vun <strong>18h bis 20h30<\/strong> (opgepasst aaner Auerzaiten !!)<br \/>\n&#8211; Freideg den 03\/10\/2017 vun 18h bis 20h30<\/p>\n<p>D\u2019Sportshaal zu Eech ass w\u00e4hrend der Allerh\u00e9lljenvakanz ganz zou.<\/p>\n<p>Fir zous\u00e4tzlech Detailer k\u00ebnt Dir den <a href=\"https:\/\/www.bcaris.lu\/lu\/terminen\/\">Kalenner<\/a> kukken.<\/p>\n","protected":false},"excerpt":{"rendered":"<p>D\u2019Sportshaal zu Hamm ass op emmer : &#8211; D\u00ebnschdeg den 31\/10\/2017 vun 18h bis 20h30 (opgepasst aaner Auerzaiten !!) &#8211; Freideg den 03\/10\/2017 vun 18h bis 20h30 D\u2019Sportshaal zu Eech ass w\u00e4hrend der Allerh\u00e9lljenvakanz ganz zou. Fir zous\u00e4tzlech Detailer k\u00ebnt Dir den Kalenner kukken.<\/p>\n","protected":false},"author":1,"featured_media":0,"comment_status":"closed","ping_status":"open","sticky":false,"template":"","format":"standard","meta":{"footnotes":""},"categories":[31],"tags":[],"class_list":["post-646","post","type-post","status-publish","format-standard","hentry","category-general_lu"],"_links":{"self":[{"href":"https:\/\/www.bcaris.lu\/index.php?rest_route=\/wp\/v2\/posts\/646","targetHints":{"allow":["GET"]}}],"collection":[{"href":"https:\/\/www.bcaris.lu\/index.php?rest_route=\/wp\/v2\/posts"}],"about":[{"href":"https:\/\/www.bcaris.lu\/index.php?rest_route=\/wp\/v2\/types\/post"}],"author":[{"embeddable":true,"href":"https:\/\/www.bcaris.lu\/index.php?rest_route=\/wp\/v2\/users\/1"}],"replies":[{"embeddable":true,"href":"https:\/\/www.bcaris.lu\/index.php?rest_route=%2Fwp%2Fv2%2Fcomments&post=646"}],"version-history":[{"count":1,"href":"https:\/\/www.bcaris.lu\/index.php?rest_route=\/wp\/v2\/posts\/646\/revisions"}],"predecessor-version":[{"id":647,"href":"https:\/\/www.bcaris.lu\/index.php?rest_route=\/wp\/v2\/posts\/646\/revisions\/647"}],"wp:attachment":[{"href":"https:\/\/www.bcaris.lu\/index.php?rest_route=%2Fwp%2Fv2%2Fmedia&parent=646"}],"wp:term":[{"taxonomy":"category","embeddable":true,"href":"https:\/\/www.bcaris.lu\/index.php?rest_route=%2Fwp%2Fv2%2Fcategories&post=646"},{"taxonomy":"post_tag","embeddable":true,"href":"https:\/\/www.bcaris.lu\/index.php?rest_route=%2Fwp%2Fv2%2Ftags&post=646"}],"curies":[{"name":"wp","href":"https:\/\/api.w.org\/{rel}","templated":true}]}}