{"id":604,"date":"2017-07-10T10:38:25","date_gmt":"2017-07-10T08:38:25","guid":{"rendered":"http:\/\/www.bcaris.lu\/?p=604"},"modified":"2017-07-20T15:33:16","modified_gmt":"2017-07-20T13:33:16","slug":"trainingszaiten-zu-hamm-wahrend-der-summervakanz-17072017-14092017","status":"publish","type":"post","link":"https:\/\/www.bcaris.lu\/?p=604&lang=lu","title":{"rendered":"Trainingszaiten zu Hamm w\u00e4hrend der Summervakanz (17\/07\/2017 -> 14\/09\/2017)"},"content":{"rendered":"<p>D\u2019Sportshaal zu Hamm ass op emmer :<br \/>\n&#8211;<strong> D\u00ebnschdeg<\/strong> vum <strong>25\/07\/2017<\/strong> bis den <strong>05\/09\/2017<\/strong> vun <strong>18h bis 20h30<\/strong> (opgepasst aaner Auerzaiten !!)<br \/>\n&#8211;<strong> Freideg<\/strong> vum <strong>28\/07\/2017<\/strong> bis den <strong>08\/09\/2017<\/strong> vun <strong>18h bis 20h30<\/strong> (opgepasst aaner Auerzaiten !!)<\/p>\n<p>D\u2019Sportshaal zu Eech ass w\u00e4hrend der Summervakanz ganz zou.<\/p>\n<p>Fir zous\u00e4tzlech Detailer k\u00ebnt Dir den <a href=\"https:\/\/www.bcaris.lu\/lu\/terminen\/\">Kalenner<\/a> kukken.<\/p>\n","protected":false},"excerpt":{"rendered":"<p>D\u2019Sportshaal zu Hamm ass op emmer : &#8211; D\u00ebnschdeg vum 25\/07\/2017 bis den 05\/09\/2017 vun 18h bis 20h30 (opgepasst aaner Auerzaiten !!) &#8211; Freideg vum 28\/07\/2017 bis den 08\/09\/2017 vun 18h bis 20h30 (opgepasst aaner Auerzaiten !!) D\u2019Sportshaal zu Eech ass w\u00e4hrend der Summervakanz ganz zou. Fir zous\u00e4tzlech Detailer k\u00ebnt Dir den Kalenner kukken.<\/p>\n","protected":false},"author":1,"featured_media":0,"comment_status":"closed","ping_status":"open","sticky":false,"template":"","format":"standard","meta":{"footnotes":""},"categories":[31],"tags":[],"class_list":["post-604","post","type-post","status-publish","format-standard","hentry","category-general_lu"],"_links":{"self":[{"href":"https:\/\/www.bcaris.lu\/index.php?rest_route=\/wp\/v2\/posts\/604","targetHints":{"allow":["GET"]}}],"collection":[{"href":"https:\/\/www.bcaris.lu\/index.php?rest_route=\/wp\/v2\/posts"}],"about":[{"href":"https:\/\/www.bcaris.lu\/index.php?rest_route=\/wp\/v2\/types\/post"}],"author":[{"embeddable":true,"href":"https:\/\/www.bcaris.lu\/index.php?rest_route=\/wp\/v2\/users\/1"}],"replies":[{"embeddable":true,"href":"https:\/\/www.bcaris.lu\/index.php?rest_route=%2Fwp%2Fv2%2Fcomments&post=604"}],"version-history":[{"count":2,"href":"https:\/\/www.bcaris.lu\/index.php?rest_route=\/wp\/v2\/posts\/604\/revisions"}],"predecessor-version":[{"id":611,"href":"https:\/\/www.bcaris.lu\/index.php?rest_route=\/wp\/v2\/posts\/604\/revisions\/611"}],"wp:attachment":[{"href":"https:\/\/www.bcaris.lu\/index.php?rest_route=%2Fwp%2Fv2%2Fmedia&parent=604"}],"wp:term":[{"taxonomy":"category","embeddable":true,"href":"https:\/\/www.bcaris.lu\/index.php?rest_route=%2Fwp%2Fv2%2Fcategories&post=604"},{"taxonomy":"post_tag","embeddable":true,"href":"https:\/\/www.bcaris.lu\/index.php?rest_route=%2Fwp%2Fv2%2Ftags&post=604"}],"curies":[{"name":"wp","href":"https:\/\/api.w.org\/{rel}","templated":true}]}}