{"id":598,"date":"2017-07-10T10:29:19","date_gmt":"2017-07-10T08:29:19","guid":{"rendered":"http:\/\/www.bcaris.lu\/?p=598"},"modified":"2017-07-20T15:32:12","modified_gmt":"2017-07-20T13:32:12","slug":"disponibilite-de-hamm-pour-les-vacances-dete-17072017-14092017","status":"publish","type":"post","link":"https:\/\/www.bcaris.lu\/?p=598&lang=fr","title":{"rendered":"Disponibilit\u00e9 de Hamm pour les vacances d\u2019\u00e9t\u00e9 (17\/07\/2017 -> 14\/09\/2017)"},"content":{"rendered":"<p>La salle de sports de Hamm sera ouverte les :<br \/>\n&#8211; <strong>mardi<\/strong> du <strong>25\/07\/2017<\/strong> au <strong>05\/09\/2017<\/strong> de <strong>18 h \u00e0 20 h 30 <\/strong>(horaires diff\u00e9rents !!)<br \/>\n&#8211; <strong>vendredi<\/strong> du <strong>28\/07\/2017<\/strong> au <strong>08\/09\/2017<\/strong> de <strong>18 h \u00e0 20 h 30 <\/strong>(horaires diff\u00e9rents !!)<strong><br \/>\n<\/strong><\/p>\n<p>La salle de sport de Eich sera quant \u00e0 elle ferm\u00e9e.<\/p>\n<p>Veuillez consulter le\u00a0<a href=\"https:\/\/www.bcaris.lu\/fr\/seances\/\">calendrier<\/a> pour plus de d\u00e9tails.<\/p>\n","protected":false},"excerpt":{"rendered":"<p>La salle de sports de Hamm sera ouverte les : &#8211; mardi du 25\/07\/2017 au 05\/09\/2017 de 18 h \u00e0 20 h 30 (horaires diff\u00e9rents !!) &#8211; vendredi du 28\/07\/2017 au 08\/09\/2017 de 18 h \u00e0 20 h 30 (horaires diff\u00e9rents !!) La salle de sport de Eich sera quant \u00e0 elle ferm\u00e9e. Veuillez consulter [&hellip;]<\/p>\n","protected":false},"author":1,"featured_media":0,"comment_status":"closed","ping_status":"open","sticky":false,"template":"","format":"standard","meta":{"footnotes":""},"categories":[27],"tags":[],"class_list":["post-598","post","type-post","status-publish","format-standard","hentry","category-general_fr"],"_links":{"self":[{"href":"https:\/\/www.bcaris.lu\/index.php?rest_route=\/wp\/v2\/posts\/598","targetHints":{"allow":["GET"]}}],"collection":[{"href":"https:\/\/www.bcaris.lu\/index.php?rest_route=\/wp\/v2\/posts"}],"about":[{"href":"https:\/\/www.bcaris.lu\/index.php?rest_route=\/wp\/v2\/types\/post"}],"author":[{"embeddable":true,"href":"https:\/\/www.bcaris.lu\/index.php?rest_route=\/wp\/v2\/users\/1"}],"replies":[{"embeddable":true,"href":"https:\/\/www.bcaris.lu\/index.php?rest_route=%2Fwp%2Fv2%2Fcomments&post=598"}],"version-history":[{"count":3,"href":"https:\/\/www.bcaris.lu\/index.php?rest_route=\/wp\/v2\/posts\/598\/revisions"}],"predecessor-version":[{"id":608,"href":"https:\/\/www.bcaris.lu\/index.php?rest_route=\/wp\/v2\/posts\/598\/revisions\/608"}],"wp:attachment":[{"href":"https:\/\/www.bcaris.lu\/index.php?rest_route=%2Fwp%2Fv2%2Fmedia&parent=598"}],"wp:term":[{"taxonomy":"category","embeddable":true,"href":"https:\/\/www.bcaris.lu\/index.php?rest_route=%2Fwp%2Fv2%2Fcategories&post=598"},{"taxonomy":"post_tag","embeddable":true,"href":"https:\/\/www.bcaris.lu\/index.php?rest_route=%2Fwp%2Fv2%2Ftags&post=598"}],"curies":[{"name":"wp","href":"https:\/\/api.w.org\/{rel}","templated":true}]}}