{"id":542,"date":"2017-04-11T07:47:19","date_gmt":"2017-04-11T05:47:19","guid":{"rendered":"http:\/\/www.bcaris.lu\/?p=542"},"modified":"2017-05-22T08:31:35","modified_gmt":"2017-05-22T06:31:35","slug":"assemblee-generale-19052017-2","status":"publish","type":"post","link":"https:\/\/www.bcaris.lu\/?p=542&lang=lu","title":{"rendered":"Assembl\u00e9e G\u00e9n\u00e9rale (19\/05\/2017)"},"content":{"rendered":"<p>D\u2019Assembl\u00e9e G\u00e9n\u00e9rale vun eisem Club f\u00f6nnt d\u00ebn 19\/05\/2017 am Restaurant Mercedes Caf\u00e9 45 Rue de Bouillon statt.<\/p>\n<p>Fir m\u00e9i D\u00e9tailer k\u00f6nnt Dir eisen <a href=\"https:\/\/www.bcaris.lu\/lu\/terminen\/\">Kalenner<\/a> an \u00c4r Emailer nokukken.<\/p>\n<p><a href=\"https:\/\/www.bcaris.lu\/wp-content\/uploads\/2017\/04\/AG_20170519_01-3.jpg\"><img loading=\"lazy\" decoding=\"async\" class=\"alignnone size-medium wp-image-589\" src=\"https:\/\/www.bcaris.lu\/wp-content\/uploads\/2017\/04\/AG_20170519_01-3-300x225.jpg\" alt=\"\" width=\"300\" height=\"225\" srcset=\"https:\/\/www.bcaris.lu\/wp-content\/uploads\/2017\/04\/AG_20170519_01-3-300x225.jpg 300w, https:\/\/www.bcaris.lu\/wp-content\/uploads\/2017\/04\/AG_20170519_01-3-768x576.jpg 768w, https:\/\/www.bcaris.lu\/wp-content\/uploads\/2017\/04\/AG_20170519_01-3-1024x768.jpg 1024w\" sizes=\"auto, (max-width: 300px) 100vw, 300px\" \/><\/a> <a href=\"https:\/\/www.bcaris.lu\/wp-content\/uploads\/2017\/04\/AG_20170519_02-3.jpg\"><img loading=\"lazy\" decoding=\"async\" class=\"alignnone size-medium wp-image-590\" src=\"https:\/\/www.bcaris.lu\/wp-content\/uploads\/2017\/04\/AG_20170519_02-3-300x225.jpg\" alt=\"\" width=\"300\" height=\"225\" srcset=\"https:\/\/www.bcaris.lu\/wp-content\/uploads\/2017\/04\/AG_20170519_02-3-300x225.jpg 300w, https:\/\/www.bcaris.lu\/wp-content\/uploads\/2017\/04\/AG_20170519_02-3-768x576.jpg 768w, https:\/\/www.bcaris.lu\/wp-content\/uploads\/2017\/04\/AG_20170519_02-3-1024x768.jpg 1024w\" sizes=\"auto, (max-width: 300px) 100vw, 300px\" \/><\/a><\/p>\n","protected":false},"excerpt":{"rendered":"<p>D\u2019Assembl\u00e9e G\u00e9n\u00e9rale vun eisem Club f\u00f6nnt d\u00ebn 19\/05\/2017 am Restaurant Mercedes Caf\u00e9 45 Rue de Bouillon statt. Fir m\u00e9i D\u00e9tailer k\u00f6nnt Dir eisen Kalenner an \u00c4r Emailer nokukken.<\/p>\n","protected":false},"author":1,"featured_media":0,"comment_status":"closed","ping_status":"open","sticky":false,"template":"","format":"standard","meta":{"footnotes":""},"categories":[31],"tags":[],"class_list":["post-542","post","type-post","status-publish","format-standard","hentry","category-general_lu"],"_links":{"self":[{"href":"https:\/\/www.bcaris.lu\/index.php?rest_route=\/wp\/v2\/posts\/542","targetHints":{"allow":["GET"]}}],"collection":[{"href":"https:\/\/www.bcaris.lu\/index.php?rest_route=\/wp\/v2\/posts"}],"about":[{"href":"https:\/\/www.bcaris.lu\/index.php?rest_route=\/wp\/v2\/types\/post"}],"author":[{"embeddable":true,"href":"https:\/\/www.bcaris.lu\/index.php?rest_route=\/wp\/v2\/users\/1"}],"replies":[{"embeddable":true,"href":"https:\/\/www.bcaris.lu\/index.php?rest_route=%2Fwp%2Fv2%2Fcomments&post=542"}],"version-history":[{"count":2,"href":"https:\/\/www.bcaris.lu\/index.php?rest_route=\/wp\/v2\/posts\/542\/revisions"}],"predecessor-version":[{"id":591,"href":"https:\/\/www.bcaris.lu\/index.php?rest_route=\/wp\/v2\/posts\/542\/revisions\/591"}],"wp:attachment":[{"href":"https:\/\/www.bcaris.lu\/index.php?rest_route=%2Fwp%2Fv2%2Fmedia&parent=542"}],"wp:term":[{"taxonomy":"category","embeddable":true,"href":"https:\/\/www.bcaris.lu\/index.php?rest_route=%2Fwp%2Fv2%2Fcategories&post=542"},{"taxonomy":"post_tag","embeddable":true,"href":"https:\/\/www.bcaris.lu\/index.php?rest_route=%2Fwp%2Fv2%2Ftags&post=542"}],"curies":[{"name":"wp","href":"https:\/\/api.w.org\/{rel}","templated":true}]}}