{"id":538,"date":"2017-04-11T07:44:56","date_gmt":"2017-04-11T05:44:56","guid":{"rendered":"http:\/\/www.bcaris.lu\/?p=538"},"modified":"2017-05-22T08:29:28","modified_gmt":"2017-05-22T06:29:28","slug":"assemblee-generale-19052017","status":"publish","type":"post","link":"https:\/\/www.bcaris.lu\/?p=538&lang=fr","title":{"rendered":"Assembl\u00e9e G\u00e9n\u00e9rale (19\/05\/2017)"},"content":{"rendered":"<p>L&rsquo;Assembl\u00e9e G\u00e9n\u00e9rale de notre club aura lieu le 19\/05\/2017 au restaurant Mercedes Caf\u00e9 45 Rue de Bouillon L-1248 Luxembourg.<\/p>\n<p>Veuillez consulter le\u00a0<a href=\"https:\/\/www.bcaris.lu\/fr\/seances\/\">calendrier<\/a> ainsi que vos emails pour plus de d\u00e9tails.<\/p>\n<p><a href=\"https:\/\/www.bcaris.lu\/wp-content\/uploads\/2017\/04\/AG_20170519_01.jpg\"><img loading=\"lazy\" decoding=\"async\" class=\"alignnone size-medium wp-image-580\" src=\"https:\/\/www.bcaris.lu\/wp-content\/uploads\/2017\/04\/AG_20170519_01-300x225.jpg\" alt=\"\" width=\"300\" height=\"225\" srcset=\"https:\/\/www.bcaris.lu\/wp-content\/uploads\/2017\/04\/AG_20170519_01-300x225.jpg 300w, https:\/\/www.bcaris.lu\/wp-content\/uploads\/2017\/04\/AG_20170519_01-768x576.jpg 768w, https:\/\/www.bcaris.lu\/wp-content\/uploads\/2017\/04\/AG_20170519_01-1024x768.jpg 1024w\" sizes=\"auto, (max-width: 300px) 100vw, 300px\" \/><\/a> <a href=\"https:\/\/www.bcaris.lu\/wp-content\/uploads\/2017\/04\/AG_20170519_02.jpg\"><img loading=\"lazy\" decoding=\"async\" class=\"alignnone size-medium wp-image-581\" src=\"https:\/\/www.bcaris.lu\/wp-content\/uploads\/2017\/04\/AG_20170519_02-300x225.jpg\" alt=\"\" width=\"300\" height=\"225\" srcset=\"https:\/\/www.bcaris.lu\/wp-content\/uploads\/2017\/04\/AG_20170519_02-300x225.jpg 300w, https:\/\/www.bcaris.lu\/wp-content\/uploads\/2017\/04\/AG_20170519_02-768x576.jpg 768w, https:\/\/www.bcaris.lu\/wp-content\/uploads\/2017\/04\/AG_20170519_02-1024x768.jpg 1024w\" sizes=\"auto, (max-width: 300px) 100vw, 300px\" \/><\/a><\/p>\n","protected":false},"excerpt":{"rendered":"<p>L&rsquo;Assembl\u00e9e G\u00e9n\u00e9rale de notre club aura lieu le 19\/05\/2017 au restaurant Mercedes Caf\u00e9 45 Rue de Bouillon L-1248 Luxembourg. Veuillez consulter le\u00a0calendrier ainsi que vos emails pour plus de d\u00e9tails.<\/p>\n","protected":false},"author":1,"featured_media":0,"comment_status":"closed","ping_status":"open","sticky":false,"template":"","format":"standard","meta":{"footnotes":""},"categories":[27],"tags":[],"class_list":["post-538","post","type-post","status-publish","format-standard","hentry","category-general_fr"],"_links":{"self":[{"href":"https:\/\/www.bcaris.lu\/index.php?rest_route=\/wp\/v2\/posts\/538","targetHints":{"allow":["GET"]}}],"collection":[{"href":"https:\/\/www.bcaris.lu\/index.php?rest_route=\/wp\/v2\/posts"}],"about":[{"href":"https:\/\/www.bcaris.lu\/index.php?rest_route=\/wp\/v2\/types\/post"}],"author":[{"embeddable":true,"href":"https:\/\/www.bcaris.lu\/index.php?rest_route=\/wp\/v2\/users\/1"}],"replies":[{"embeddable":true,"href":"https:\/\/www.bcaris.lu\/index.php?rest_route=%2Fwp%2Fv2%2Fcomments&post=538"}],"version-history":[{"count":2,"href":"https:\/\/www.bcaris.lu\/index.php?rest_route=\/wp\/v2\/posts\/538\/revisions"}],"predecessor-version":[{"id":582,"href":"https:\/\/www.bcaris.lu\/index.php?rest_route=\/wp\/v2\/posts\/538\/revisions\/582"}],"wp:attachment":[{"href":"https:\/\/www.bcaris.lu\/index.php?rest_route=%2Fwp%2Fv2%2Fmedia&parent=538"}],"wp:term":[{"taxonomy":"category","embeddable":true,"href":"https:\/\/www.bcaris.lu\/index.php?rest_route=%2Fwp%2Fv2%2Fcategories&post=538"},{"taxonomy":"post_tag","embeddable":true,"href":"https:\/\/www.bcaris.lu\/index.php?rest_route=%2Fwp%2Fv2%2Ftags&post=538"}],"curies":[{"name":"wp","href":"https:\/\/api.w.org\/{rel}","templated":true}]}}