{"id":524,"date":"2017-03-23T13:57:12","date_gmt":"2017-03-23T12:57:12","guid":{"rendered":"http:\/\/www.bcaris.lu\/?p=524"},"modified":"2017-03-23T13:58:58","modified_gmt":"2017-03-23T12:58:58","slug":"disponibilite-de-hamm-pour-les-vacances-de-paques-08042017-23042017","status":"publish","type":"post","link":"https:\/\/www.bcaris.lu\/?p=524&lang=fr","title":{"rendered":"Disponibilit\u00e9 de Hamm pour les vacances de P\u00e2ques (08\/04\/2017 -> 23\/04\/2017)"},"content":{"rendered":"<p>La salle de sports de Hamm sera ouverte les :<br \/>\n&#8211; mardi 11\/04\/2017 de <strong>18 h \u00e0 20 h 30<br \/>\n<\/strong>&#8211; vendredi 14\/04\/2017\u00a0 de<strong> 18 h \u00e0 20 h 30<br \/>\n<\/strong><\/p>\n<p>La salle de sport de Eich sera quant \u00e0 elle ferm\u00e9e.<\/p>\n<p>Veuillez consulter le\u00a0<a href=\"https:\/\/www.bcaris.lu\/fr\/seances\/\">calendrier<\/a> pour plus de d\u00e9tails.<\/p>\n","protected":false},"excerpt":{"rendered":"<p>La salle de sports de Hamm sera ouverte les : &#8211; mardi 11\/04\/2017 de 18 h \u00e0 20 h 30 &#8211; vendredi 14\/04\/2017\u00a0 de 18 h \u00e0 20 h 30 La salle de sport de Eich sera quant \u00e0 elle ferm\u00e9e. Veuillez consulter le\u00a0calendrier pour plus de d\u00e9tails.<\/p>\n","protected":false},"author":1,"featured_media":0,"comment_status":"closed","ping_status":"open","sticky":false,"template":"","format":"standard","meta":{"footnotes":""},"categories":[27],"tags":[],"class_list":["post-524","post","type-post","status-publish","format-standard","hentry","category-general_fr"],"_links":{"self":[{"href":"https:\/\/www.bcaris.lu\/index.php?rest_route=\/wp\/v2\/posts\/524","targetHints":{"allow":["GET"]}}],"collection":[{"href":"https:\/\/www.bcaris.lu\/index.php?rest_route=\/wp\/v2\/posts"}],"about":[{"href":"https:\/\/www.bcaris.lu\/index.php?rest_route=\/wp\/v2\/types\/post"}],"author":[{"embeddable":true,"href":"https:\/\/www.bcaris.lu\/index.php?rest_route=\/wp\/v2\/users\/1"}],"replies":[{"embeddable":true,"href":"https:\/\/www.bcaris.lu\/index.php?rest_route=%2Fwp%2Fv2%2Fcomments&post=524"}],"version-history":[{"count":2,"href":"https:\/\/www.bcaris.lu\/index.php?rest_route=\/wp\/v2\/posts\/524\/revisions"}],"predecessor-version":[{"id":529,"href":"https:\/\/www.bcaris.lu\/index.php?rest_route=\/wp\/v2\/posts\/524\/revisions\/529"}],"wp:attachment":[{"href":"https:\/\/www.bcaris.lu\/index.php?rest_route=%2Fwp%2Fv2%2Fmedia&parent=524"}],"wp:term":[{"taxonomy":"category","embeddable":true,"href":"https:\/\/www.bcaris.lu\/index.php?rest_route=%2Fwp%2Fv2%2Fcategories&post=524"},{"taxonomy":"post_tag","embeddable":true,"href":"https:\/\/www.bcaris.lu\/index.php?rest_route=%2Fwp%2Fv2%2Ftags&post=524"}],"curies":[{"name":"wp","href":"https:\/\/api.w.org\/{rel}","templated":true}]}}