{"id":494,"date":"2016-12-12T11:56:34","date_gmt":"2016-12-12T10:56:34","guid":{"rendered":"http:\/\/www.bcaris.lu\/?p=494"},"modified":"2016-12-12T11:57:01","modified_gmt":"2016-12-12T10:57:01","slug":"verfugbarkeit-der-sporthallen-hamm-fur-die-weihnachtsferien-24122016-08012017","status":"publish","type":"post","link":"https:\/\/www.bcaris.lu\/?p=494&lang=de","title":{"rendered":"Verf\u00fcgbarkeit der Sporthallen Hamm f\u00fcr die Weihnachtsferien (24\/12\/2016 -> 08\/01\/2017)"},"content":{"rendered":"<p>Die Sporthalle Hamm wird an folgenden Tagen ge\u00f6ffnet haben:<br \/>\n&#8211; <strong>Dienstags<\/strong> 03.01.2017 von <strong>18h bis 20h30<\/strong> (andere \u00d6ffnungszeiten!)<br \/>\n&#8211; <strong>Freitags<\/strong> 06.01.2016 von <strong>18h bis 20h30<\/strong> (andere \u00d6ffnungszeiten!)<\/p>\n<p>Die Sporthalle Eisch ist w\u00e4hrend der Weihnachtsferien geschlossen.<\/p>\n<p>Zus\u00e4tzliche Details finden Sie im <a href=\"https:\/\/www.bcaris.lu\/de\/termine\/\">Kalendar<\/a>.<\/p>\n","protected":false},"excerpt":{"rendered":"<p>Die Sporthalle Hamm wird an folgenden Tagen ge\u00f6ffnet haben: &#8211; Dienstags 03.01.2017 von 18h bis 20h30 (andere \u00d6ffnungszeiten!) &#8211; Freitags 06.01.2016 von 18h bis 20h30 (andere \u00d6ffnungszeiten!) Die Sporthalle Eisch ist w\u00e4hrend der Weihnachtsferien geschlossen. Zus\u00e4tzliche Details finden Sie im Kalendar.<\/p>\n","protected":false},"author":1,"featured_media":0,"comment_status":"closed","ping_status":"open","sticky":false,"template":"","format":"standard","meta":{"footnotes":""},"categories":[33],"tags":[],"class_list":["post-494","post","type-post","status-publish","format-standard","hentry","category-general_de"],"_links":{"self":[{"href":"https:\/\/www.bcaris.lu\/index.php?rest_route=\/wp\/v2\/posts\/494","targetHints":{"allow":["GET"]}}],"collection":[{"href":"https:\/\/www.bcaris.lu\/index.php?rest_route=\/wp\/v2\/posts"}],"about":[{"href":"https:\/\/www.bcaris.lu\/index.php?rest_route=\/wp\/v2\/types\/post"}],"author":[{"embeddable":true,"href":"https:\/\/www.bcaris.lu\/index.php?rest_route=\/wp\/v2\/users\/1"}],"replies":[{"embeddable":true,"href":"https:\/\/www.bcaris.lu\/index.php?rest_route=%2Fwp%2Fv2%2Fcomments&post=494"}],"version-history":[{"count":2,"href":"https:\/\/www.bcaris.lu\/index.php?rest_route=\/wp\/v2\/posts\/494\/revisions"}],"predecessor-version":[{"id":496,"href":"https:\/\/www.bcaris.lu\/index.php?rest_route=\/wp\/v2\/posts\/494\/revisions\/496"}],"wp:attachment":[{"href":"https:\/\/www.bcaris.lu\/index.php?rest_route=%2Fwp%2Fv2%2Fmedia&parent=494"}],"wp:term":[{"taxonomy":"category","embeddable":true,"href":"https:\/\/www.bcaris.lu\/index.php?rest_route=%2Fwp%2Fv2%2Fcategories&post=494"},{"taxonomy":"post_tag","embeddable":true,"href":"https:\/\/www.bcaris.lu\/index.php?rest_route=%2Fwp%2Fv2%2Ftags&post=494"}],"curies":[{"name":"wp","href":"https:\/\/api.w.org\/{rel}","templated":true}]}}