{"id":491,"date":"2016-12-12T07:47:57","date_gmt":"2016-12-12T06:47:57","guid":{"rendered":"http:\/\/www.bcaris.lu\/?p=491"},"modified":"2016-12-12T07:48:42","modified_gmt":"2016-12-12T06:48:42","slug":"trainingszaiten-zu-hamm-wahrend-der-kreschtvakanz-24122016-08012017","status":"publish","type":"post","link":"https:\/\/www.bcaris.lu\/?p=491&lang=lu","title":{"rendered":"Trainingszaiten zu Hamm w\u00e4hrend der Kr\u00ebschtvakanz (24\/12\/2016 -> 08\/01\/2017)"},"content":{"rendered":"<p>D&rsquo;Sportshaal zu Hamm ass op:<br \/>\n&#8211; <strong>D\u00ebnschd\u00ebs<\/strong> den 03\/01\/2017 vun <strong>18h bis 20h30<\/strong> (aaner Auerzaiten)<br \/>\n&#8211; <strong>Freides<\/strong> den 06\/01\/2017 vun <strong>18h bis 20h30<\/strong> (aaner Aeurzaiten)<\/p>\n<p>D&rsquo;Sportshaal zu Eech ass w\u00e4hrend der Vakanz zou.<\/p>\n<p>Fir zous\u00e4tzlech Detailer k\u00ebnt Dir den <a href=\"https:\/\/www.bcaris.lu\/lu\/terminen\/\">Kalenner<\/a> kukken.<\/p>\n","protected":false},"excerpt":{"rendered":"<p>D&rsquo;Sportshaal zu Hamm ass op: &#8211; D\u00ebnschd\u00ebs den 03\/01\/2017 vun 18h bis 20h30 (aaner Auerzaiten) &#8211; Freides den 06\/01\/2017 vun 18h bis 20h30 (aaner Aeurzaiten) D&rsquo;Sportshaal zu Eech ass w\u00e4hrend der Vakanz zou. Fir zous\u00e4tzlech Detailer k\u00ebnt Dir den Kalenner kukken.<\/p>\n","protected":false},"author":1,"featured_media":0,"comment_status":"closed","ping_status":"open","sticky":false,"template":"","format":"standard","meta":{"footnotes":""},"categories":[31],"tags":[],"class_list":["post-491","post","type-post","status-publish","format-standard","hentry","category-general_lu"],"_links":{"self":[{"href":"https:\/\/www.bcaris.lu\/index.php?rest_route=\/wp\/v2\/posts\/491","targetHints":{"allow":["GET"]}}],"collection":[{"href":"https:\/\/www.bcaris.lu\/index.php?rest_route=\/wp\/v2\/posts"}],"about":[{"href":"https:\/\/www.bcaris.lu\/index.php?rest_route=\/wp\/v2\/types\/post"}],"author":[{"embeddable":true,"href":"https:\/\/www.bcaris.lu\/index.php?rest_route=\/wp\/v2\/users\/1"}],"replies":[{"embeddable":true,"href":"https:\/\/www.bcaris.lu\/index.php?rest_route=%2Fwp%2Fv2%2Fcomments&post=491"}],"version-history":[{"count":2,"href":"https:\/\/www.bcaris.lu\/index.php?rest_route=\/wp\/v2\/posts\/491\/revisions"}],"predecessor-version":[{"id":493,"href":"https:\/\/www.bcaris.lu\/index.php?rest_route=\/wp\/v2\/posts\/491\/revisions\/493"}],"wp:attachment":[{"href":"https:\/\/www.bcaris.lu\/index.php?rest_route=%2Fwp%2Fv2%2Fmedia&parent=491"}],"wp:term":[{"taxonomy":"category","embeddable":true,"href":"https:\/\/www.bcaris.lu\/index.php?rest_route=%2Fwp%2Fv2%2Fcategories&post=491"},{"taxonomy":"post_tag","embeddable":true,"href":"https:\/\/www.bcaris.lu\/index.php?rest_route=%2Fwp%2Fv2%2Ftags&post=491"}],"curies":[{"name":"wp","href":"https:\/\/api.w.org\/{rel}","templated":true}]}}