{"id":482,"date":"2016-11-28T08:11:09","date_gmt":"2016-11-28T07:11:09","guid":{"rendered":"http:\/\/www.bcaris.lu\/?p=482"},"modified":"2016-11-28T08:11:18","modified_gmt":"2016-11-28T07:11:18","slug":"disponibilite-de-hamm-pour-les-vacances-de-noel-24122016-08012017","status":"publish","type":"post","link":"https:\/\/www.bcaris.lu\/?p=482&lang=fr","title":{"rendered":"Disponibilit\u00e9 de Hamm pour les vacances de No\u00ebl (24\/12\/2016 -> 08\/01\/2017)"},"content":{"rendered":"<p>La salle de sports de Hamm sera ouverte les :<br \/>\n&#8211; <strong>mardi<\/strong> 03\/01\/2017 de <strong>18 h \u00e0 20 h 30<\/strong> (horaires diff\u00e9rents !!)<br \/>\n&#8211; <strong>vendredi<\/strong> 06\/01\/2017 de <strong>18 h \u00e0 20 h 30 <\/strong>(horaires diff\u00e9rents !!)<strong><br \/>\n<\/strong><\/p>\n<p>La salle de sport de Eich sera quant \u00e0 elle ferm\u00e9e pendant les deux semaines.<\/p>\n<p>Veuillez consulter le\u00a0<a href=\"https:\/\/www.bcaris.lu\/fr\/seances\/\">calendrier<\/a> pour plus de d\u00e9tails.<\/p>\n","protected":false},"excerpt":{"rendered":"<p>La salle de sports de Hamm sera ouverte les : &#8211; mardi 03\/01\/2017 de 18 h \u00e0 20 h 30 (horaires diff\u00e9rents !!) &#8211; vendredi 06\/01\/2017 de 18 h \u00e0 20 h 30 (horaires diff\u00e9rents !!) La salle de sport de Eich sera quant \u00e0 elle ferm\u00e9e pendant les deux semaines. Veuillez consulter le\u00a0calendrier pour [&hellip;]<\/p>\n","protected":false},"author":1,"featured_media":0,"comment_status":"closed","ping_status":"open","sticky":false,"template":"","format":"standard","meta":{"footnotes":""},"categories":[27],"tags":[],"class_list":["post-482","post","type-post","status-publish","format-standard","hentry","category-general_fr"],"_links":{"self":[{"href":"https:\/\/www.bcaris.lu\/index.php?rest_route=\/wp\/v2\/posts\/482","targetHints":{"allow":["GET"]}}],"collection":[{"href":"https:\/\/www.bcaris.lu\/index.php?rest_route=\/wp\/v2\/posts"}],"about":[{"href":"https:\/\/www.bcaris.lu\/index.php?rest_route=\/wp\/v2\/types\/post"}],"author":[{"embeddable":true,"href":"https:\/\/www.bcaris.lu\/index.php?rest_route=\/wp\/v2\/users\/1"}],"replies":[{"embeddable":true,"href":"https:\/\/www.bcaris.lu\/index.php?rest_route=%2Fwp%2Fv2%2Fcomments&post=482"}],"version-history":[{"count":1,"href":"https:\/\/www.bcaris.lu\/index.php?rest_route=\/wp\/v2\/posts\/482\/revisions"}],"predecessor-version":[{"id":483,"href":"https:\/\/www.bcaris.lu\/index.php?rest_route=\/wp\/v2\/posts\/482\/revisions\/483"}],"wp:attachment":[{"href":"https:\/\/www.bcaris.lu\/index.php?rest_route=%2Fwp%2Fv2%2Fmedia&parent=482"}],"wp:term":[{"taxonomy":"category","embeddable":true,"href":"https:\/\/www.bcaris.lu\/index.php?rest_route=%2Fwp%2Fv2%2Fcategories&post=482"},{"taxonomy":"post_tag","embeddable":true,"href":"https:\/\/www.bcaris.lu\/index.php?rest_route=%2Fwp%2Fv2%2Ftags&post=482"}],"curies":[{"name":"wp","href":"https:\/\/api.w.org\/{rel}","templated":true}]}}